{"id":4956,"date":"2021-01-13T19:51:35","date_gmt":"2021-01-13T17:51:35","guid":{"rendered":"https:\/\/laermschutz-a49.de\/?p=4956"},"modified":"2021-03-04T19:14:09","modified_gmt":"2021-03-04T17:14:09","slug":"13-01-2021-minister-tarek-al-wazir-beantwortet","status":"publish","type":"post","link":"https:\/\/laermschutz-a49.de\/?p=4956","title":{"rendered":"13.01.2021: Minister Tarek Al-Wazir beantwortet &#8230;"},"content":{"rendered":"<p><a id=\"acht\"><\/a><br \/>\n&#8230; die <a href=\"https:\/\/laermschutz-a49.de\/?p=4951\" target=\"_blank\" rel=\"noopener\">Kleine Anfrage<\/a> von MdL G\u00fcnter Rudolph vom 28.10.2020. Zur Meinungsbildung braucht es nicht viel Phantasie &#8230; Neue S\u00e4tze und Aussagen enth\u00e4lt das Schreiben ja nicht &#8211; au\u00dfer vor den fehlenden freundlichen Gr\u00fc\u00dfen: &#8220;&#8230; f\u00e4llt nicht mehr in unsere Zust\u00e4ndigkeit &#8230;&#8221;<\/p>\n<p>&nbsp;<\/p>\n<p><em>Geplant ausgesessen und aus der Aff\u00e4re gezogen. Die feine und viel zitierte englische Art ist das nicht. Meint der Schreiberling.<\/em><\/p>\n<p>&nbsp;<\/p>\n<a href=\"https:\/\/laermschutz-a49.de\/wp-content\/uploads\/2021\/01\/20210113Antwort-Al-Wazir-an-GR-Anfrage-201028-Verkehrszahlen.pdf\" class=\"pdfemb-viewer\" style=\"height: 500px; \" data-width=\"max\" data-height=\"500\"  data-toolbar=\"bottom\" data-toolbar-fixed=\"on\">20210113Antwort Al Wazir an GR Anfrage 201028 Verkehrszahlen<br\/><\/a>\n","protected":false},"excerpt":{"rendered":"<p>&#8230; die Kleine Anfrage von MdL G\u00fcnter Rudolph vom 28.10.2020. Zur Meinungsbildung braucht es nicht viel Phantasie &#8230; Neue S\u00e4tze und Aussagen enth\u00e4lt das Schreiben ja nicht &#8211; au\u00dfer vor den fehlenden freundlichen Gr\u00fc\u00dfen: &#8220;&#8230; f\u00e4llt nicht mehr in unsere Zust\u00e4ndigkeit &#8230;&#8221; &nbsp; Geplant ausgesessen und aus der Aff\u00e4re gezogen. Die feine und viel zitierte [&hellip;]<\/p>\n","protected":false},"author":5,"featured_media":0,"comment_status":"closed","ping_status":"closed","sticky":false,"template":"","format":"standard","meta":{"_links_to":"","_links_to_target":""},"categories":[35,1],"tags":[],"_links":{"self":[{"href":"https:\/\/laermschutz-a49.de\/index.php?rest_route=\/wp\/v2\/posts\/4956"}],"collection":[{"href":"https:\/\/laermschutz-a49.de\/index.php?rest_route=\/wp\/v2\/posts"}],"about":[{"href":"https:\/\/laermschutz-a49.de\/index.php?rest_route=\/wp\/v2\/types\/post"}],"author":[{"embeddable":true,"href":"https:\/\/laermschutz-a49.de\/index.php?rest_route=\/wp\/v2\/users\/5"}],"replies":[{"embeddable":true,"href":"https:\/\/laermschutz-a49.de\/index.php?rest_route=%2Fwp%2Fv2%2Fcomments&post=4956"}],"version-history":[{"count":7,"href":"https:\/\/laermschutz-a49.de\/index.php?rest_route=\/wp\/v2\/posts\/4956\/revisions"}],"predecessor-version":[{"id":5107,"href":"https:\/\/laermschutz-a49.de\/index.php?rest_route=\/wp\/v2\/posts\/4956\/revisions\/5107"}],"wp:attachment":[{"href":"https:\/\/laermschutz-a49.de\/index.php?rest_route=%2Fwp%2Fv2%2Fmedia&parent=4956"}],"wp:term":[{"taxonomy":"category","embeddable":true,"href":"https:\/\/laermschutz-a49.de\/index.php?rest_route=%2Fwp%2Fv2%2Fcategories&post=4956"},{"taxonomy":"post_tag","embeddable":true,"href":"https:\/\/laermschutz-a49.de\/index.php?rest_route=%2Fwp%2Fv2%2Ftags&post=4956"}],"curies":[{"name":"wp","href":"https:\/\/api.w.org\/{rel}","templated":true}]}}