{"id":4919,"date":"2020-12-11T17:12:37","date_gmt":"2020-12-11T15:12:37","guid":{"rendered":"https:\/\/laermschutz-a49.de\/?p=4919"},"modified":"2021-03-04T18:27:49","modified_gmt":"2021-03-04T16:27:49","slug":"11-12-2020-sitzung-der-gemeindevertretung","status":"publish","type":"post","link":"https:\/\/laermschutz-a49.de\/?p=4919","title":{"rendered":"11.12.2020: Sitzung der Gemeindevertretung"},"content":{"rendered":"<p><a id=\"eins\"><\/a><br \/>\nWie auch im letzten Jahr nutzten wir das Fragerecht der &#8216;\u00d6ffentlichkeit&#8217; in dieser Sitzung f\u00fcr den L\u00e4rmschutz in Holzhausen. Unsere Fragen richteten sich wieder an jeden einzelnen der Fraktionsvorsitzenden der in der Gemeindevertretung vertretenen Parteien:<\/p>\n<p>&nbsp;<\/p>\n<a href=\"https:\/\/laermschutz-a49.de\/wp-content\/uploads\/2021\/01\/20201211Gemeindevertretung-Fraktionsvorsitzende.pdf\" class=\"pdfemb-viewer\" style=\"height: 500px; \" data-width=\"max\" data-height=\"500\"  data-toolbar=\"bottom\" data-toolbar-fixed=\"on\">20201211Gemeindevertretung Fraktionsvorsitzende<br\/><\/a>\n<p>&nbsp;<\/p>\n","protected":false},"excerpt":{"rendered":"<p>Wie auch im letzten Jahr nutzten wir das Fragerecht der &#8216;\u00d6ffentlichkeit&#8217; in dieser Sitzung f\u00fcr den L\u00e4rmschutz in Holzhausen. Unsere Fragen richteten sich wieder an jeden einzelnen der Fraktionsvorsitzenden der in der Gemeindevertretung vertretenen Parteien: &nbsp; &nbsp;<\/p>\n","protected":false},"author":5,"featured_media":0,"comment_status":"closed","ping_status":"closed","sticky":false,"template":"","format":"standard","meta":{"_links_to":"","_links_to_target":""},"categories":[33,1],"tags":[],"_links":{"self":[{"href":"https:\/\/laermschutz-a49.de\/index.php?rest_route=\/wp\/v2\/posts\/4919"}],"collection":[{"href":"https:\/\/laermschutz-a49.de\/index.php?rest_route=\/wp\/v2\/posts"}],"about":[{"href":"https:\/\/laermschutz-a49.de\/index.php?rest_route=\/wp\/v2\/types\/post"}],"author":[{"embeddable":true,"href":"https:\/\/laermschutz-a49.de\/index.php?rest_route=\/wp\/v2\/users\/5"}],"replies":[{"embeddable":true,"href":"https:\/\/laermschutz-a49.de\/index.php?rest_route=%2Fwp%2Fv2%2Fcomments&post=4919"}],"version-history":[{"count":7,"href":"https:\/\/laermschutz-a49.de\/index.php?rest_route=\/wp\/v2\/posts\/4919\/revisions"}],"predecessor-version":[{"id":5096,"href":"https:\/\/laermschutz-a49.de\/index.php?rest_route=\/wp\/v2\/posts\/4919\/revisions\/5096"}],"wp:attachment":[{"href":"https:\/\/laermschutz-a49.de\/index.php?rest_route=%2Fwp%2Fv2%2Fmedia&parent=4919"}],"wp:term":[{"taxonomy":"category","embeddable":true,"href":"https:\/\/laermschutz-a49.de\/index.php?rest_route=%2Fwp%2Fv2%2Fcategories&post=4919"},{"taxonomy":"post_tag","embeddable":true,"href":"https:\/\/laermschutz-a49.de\/index.php?rest_route=%2Fwp%2Fv2%2Ftags&post=4919"}],"curies":[{"name":"wp","href":"https:\/\/api.w.org\/{rel}","templated":true}]}}