{"id":3671,"date":"2018-08-08T21:33:49","date_gmt":"2018-08-08T19:33:49","guid":{"rendered":"https:\/\/laermschutz-a49.de\/?p=3671"},"modified":"2020-02-19T22:19:24","modified_gmt":"2020-02-19T20:19:24","slug":"08-08-2018-wir-geben-nicht-auf-laermschutz-fuer-guxhagen","status":"publish","type":"post","link":"https:\/\/laermschutz-a49.de\/?p=3671","title":{"rendered":"08.08.2018 Guxhagen: Wir geben nicht auf! L\u00e4rmschutz f\u00fcr Guxhagen!"},"content":{"rendered":"<p>Im M\u00e4rz 2017 startete die <strong>B\u00fcrgerinitiative L\u00e4rm-Stop-A7<\/strong> eine erste Demonstration <strong>L\u00e4rmschutz f\u00fcr Guxhagen <\/strong>an der Autobahn A7 in Guxhagen. Folgend konnte die BI f\u00fcr das <em>Wohngebiet Hundsforth<\/em> in Guxhagen einen optimalen L\u00e4rmschutz entlang der A7 erreichen. Die Planung f\u00fcr dieses Bauvorhaben l\u00e4uft, die Umsetzung wird lt. Hessen Mobil etwas Zeit in Anspruch nehmen. Aber es wird gebaut.<\/p>\n<p>&nbsp;<\/p>\n<p>F\u00fcr das <em>Wohngebiet Breitenau<\/em> an der Fuldabr\u00fccke der A7 und den <em>Ortsteil B\u00fcchenwerra<\/em> fehlt jedoch immer noch der seit Jahren geforderte L\u00e4rmschutz. &#8220;Um auch hier eine erfolgreiche L\u00f6sung zu finden, werden wir wieder auf die Stra\u00dfe gehen!&#8221; So Dieter Fischer, Initiator der Guxhagener B\u00fcrgerinitiative.<\/p>\n<p>&nbsp;<\/p>\n<p>Die Autobahnbr\u00fccke \u00fcber die Fulda der A7 bei Guxhagen wird saniert. <strong>Fl\u00fcsterasphalt? Fehlanzeige! <\/strong>Die Fahrbahndecke von der Helderbach-Talbr\u00fccke bis zur Gemarkung Guxhagen sollte mit Fl\u00fcsterasphalt gebaut werden,\u00a0 der auch ausgeschrieben und in Auftrag gegeben wurde. Allerdings wurde dieser nicht verbaut. Das Fahrzeugaufkommen liegt hier bei 75.000 t\u00e4glich, Tendenz steigend.<\/p>\n<p>&nbsp;<\/p>\n<p>Die Menschen an der A7 in diesem Bereich leiden sehr unter dem Dauerl\u00e4rm der A7.\u00a0Hessen Mobil hat sich daf\u00fcr entschuldigt. Eine Entschuldigung und Achselzucken der Beh\u00f6rden k\u00f6nnen und wollen die betroffenen Anwohner nicht mehr hinnehmen. &#8220;Der Dauerl\u00e4rm macht krank. Was Hessen Mobil verbockt hat, muss wieder ausgeb\u00fcgelt werden. Wir brauchen ausreichenden L\u00e4rmschutz. Wie das geht, sieht man ja in Kassel und an der Neubautrasse der A44 Richtung Eisenach.&#8221; So der BI-Sprecher Dieter Fischer.<\/p>\n<p>&nbsp;<\/p>\n<p>Eine weitere Demonstration startet deshalb die BI L\u00e4rm-Stop-A7 am<strong> Sonntag, den 26.08.2018. <\/strong>Um <strong>14:00 Uhr<\/strong> treffen sich alle L\u00e4rmbetroffenen, Unterst\u00fctzer und Interessierte jeweils am Edeka in Guxhagen, am Speckeplatz in B\u00fcchenwerra und am DGH in Ellenberg und laufen im Sternmarsch zum Fuldaberg\/Autobahnbr\u00fccke A7 Ellenberg. Dort gibt es f\u00fcr alle Teilnehmer kostenlos Kaffee und Kuchen, eine Luftballonaktion und eine Tombola.<\/p>\n<p><strong>\u00a0<\/strong><\/p>\n<p style=\"text-align: center;\"><strong>Wer heute noch nicht vom Dauerl\u00e4rm betroffen ist, \u00a0wird es morgen sein.<\/strong><\/p>\n<p>&nbsp;<\/p>\n<p style=\"text-align: center;\"><span style=\"color: #ff0000;\">&#8230; der Flyer darf geklaut werden \ud83d\ude42 (als Los f\u00fcr die Tombala bitte mitbringen)!<\/span><\/p>\n<p>&nbsp;<\/p>\n<div class=\"BorlabsCookie\"><div class=\"_brlbs-content-blocker\"> <div class=\"_brlbs-default\"> <p>Klicken Sie auf den unteren Button, um den Inhalt von docs.google.com zu laden.<\/p> <p><a class=\"_brlbs-btn\" href=\"#\" data-borlabs-cookie-unblock role=\"button\">Inhalt laden<\/a><\/p> <\/div> <\/div><div class=\"borlabs-hide\" data-borlabs-cookie-type=\"content-blocker\" data-borlabs-cookie-id=\"default\"><script type=\"text\/template\">PGlmcmFtZSBzcmM9Ii8vZG9jcy5nb29nbGUuY29tL3ZpZXdlcj91cmw9aHR0cHMlM0ElMkYlMkZsYWVybXNjaHV0ei1hNDkuZGUlMkZ3cC1jb250ZW50JTJGdXBsb2FkcyUyRjIwMTglMkYwOCUyRkZseWVyMjAxODA4MTMtR3V4aGFnZW4ucGRmJmhsPWRlJmVtYmVkZGVkPXRydWUiIGNsYXNzPSJnZGUtZnJhbWUiIHN0eWxlPSJ3aWR0aDoxMDAlOyBoZWlnaHQ6NTAwcHg7IGJvcmRlcjogbm9uZTsiIHNjcm9sbGluZz0ibm8iPjwvaWZyYW1lPg==<\/script><\/div><\/div>\n<p class=\"gde-text\"><a href=\"https:\/\/laermschutz-a49.de\/wp-content\/uploads\/2018\/08\/Flyer20180813-Guxhagen.pdf\" class=\"gde-link\">Download (PDF, 198KB)<\/a><\/p>\n","protected":false},"excerpt":{"rendered":"<p>Im M\u00e4rz 2017 startete die B\u00fcrgerinitiative L\u00e4rm-Stop-A7 eine erste Demonstration L\u00e4rmschutz f\u00fcr Guxhagen an der Autobahn A7 in Guxhagen. Folgend konnte die BI f\u00fcr das Wohngebiet Hundsforth in Guxhagen einen optimalen L\u00e4rmschutz entlang der A7 erreichen. Die Planung f\u00fcr dieses Bauvorhaben l\u00e4uft, die Umsetzung wird lt. Hessen Mobil etwas Zeit in Anspruch nehmen. Aber es [&hellip;]<\/p>\n","protected":false},"author":5,"featured_media":0,"comment_status":"closed","ping_status":"closed","sticky":false,"template":"","format":"standard","meta":{"_links_to":"","_links_to_target":""},"categories":[21,10],"tags":[],"_links":{"self":[{"href":"https:\/\/laermschutz-a49.de\/index.php?rest_route=\/wp\/v2\/posts\/3671"}],"collection":[{"href":"https:\/\/laermschutz-a49.de\/index.php?rest_route=\/wp\/v2\/posts"}],"about":[{"href":"https:\/\/laermschutz-a49.de\/index.php?rest_route=\/wp\/v2\/types\/post"}],"author":[{"embeddable":true,"href":"https:\/\/laermschutz-a49.de\/index.php?rest_route=\/wp\/v2\/users\/5"}],"replies":[{"embeddable":true,"href":"https:\/\/laermschutz-a49.de\/index.php?rest_route=%2Fwp%2Fv2%2Fcomments&post=3671"}],"version-history":[{"count":13,"href":"https:\/\/laermschutz-a49.de\/index.php?rest_route=\/wp\/v2\/posts\/3671\/revisions"}],"predecessor-version":[{"id":4669,"href":"https:\/\/laermschutz-a49.de\/index.php?rest_route=\/wp\/v2\/posts\/3671\/revisions\/4669"}],"wp:attachment":[{"href":"https:\/\/laermschutz-a49.de\/index.php?rest_route=%2Fwp%2Fv2%2Fmedia&parent=3671"}],"wp:term":[{"taxonomy":"category","embeddable":true,"href":"https:\/\/laermschutz-a49.de\/index.php?rest_route=%2Fwp%2Fv2%2Fcategories&post=3671"},{"taxonomy":"post_tag","embeddable":true,"href":"https:\/\/laermschutz-a49.de\/index.php?rest_route=%2Fwp%2Fv2%2Ftags&post=3671"}],"curies":[{"name":"wp","href":"https:\/\/api.w.org\/{rel}","templated":true}]}}